{"id":25,"date":"2017-10-27T16:21:45","date_gmt":"2017-10-27T16:21:45","guid":{"rendered":"http:\/\/blog.bernd-wefelmeyer.de\/?p=25"},"modified":"2018-01-02T17:05:09","modified_gmt":"2018-01-02T17:05:09","slug":"musik-fuer-planeten","status":"publish","type":"post","link":"http:\/\/blog.bernd-wefelmeyer.de\/?p=25","title":{"rendered":"Musik f\u00fcr Planeten"},"content":{"rendered":"<p><strong>Oktober 2017<\/strong> &#8222;Phantastisches Weltall&#8220; &#8211; Musik f\u00fcr das neue Programm des Gro\u00dfplanetariums Berlin.<br \/>\nPremiere am 11. Oktober 2017<\/p>\n<p><strong>Prolog<br \/>\n<\/strong><\/p>\n<audio class=\"wp-audio-shortcode\" id=\"audio-25-1\" preload=\"none\" style=\"width: 100%;\" controls=\"controls\"><source type=\"audio\/mpeg\" src=\"http:\/\/blog.bernd-wefelmeyer.de\/wp-content\/uploads\/2017\/12\/Musik1-Prolog010.mp3?_=1\" \/><a href=\"http:\/\/blog.bernd-wefelmeyer.de\/wp-content\/uploads\/2017\/12\/Musik1-Prolog010.mp3\">http:\/\/blog.bernd-wefelmeyer.de\/wp-content\/uploads\/2017\/12\/Musik1-Prolog010.mp3<\/a><\/audio>\n<p><strong>Sonne<br \/>\n&#8222;<\/strong>Phantastisches Weltall&#8220;<\/p>\n<audio class=\"wp-audio-shortcode\" id=\"audio-25-2\" preload=\"none\" style=\"width: 100%;\" controls=\"controls\"><source type=\"audio\/mpeg\" src=\"http:\/\/blog.bernd-wefelmeyer.de\/wp-content\/uploads\/2018\/01\/Musik5-Sonne-Planetarium-62.mp3?_=2\" \/><a href=\"http:\/\/blog.bernd-wefelmeyer.de\/wp-content\/uploads\/2018\/01\/Musik5-Sonne-Planetarium-62.mp3\">http:\/\/blog.bernd-wefelmeyer.de\/wp-content\/uploads\/2018\/01\/Musik5-Sonne-Planetarium-62.mp3<\/a><\/audio>\n<p><strong>Griechische G\u00f6ttersagen<br \/>\n<\/strong>&#8222;Phantastisches Weltall&#8220;<strong><br \/>\n<\/strong><\/p>\n<audio class=\"wp-audio-shortcode\" id=\"audio-25-3\" preload=\"none\" style=\"width: 100%;\" controls=\"controls\"><source type=\"audio\/mpeg\" src=\"http:\/\/blog.bernd-wefelmeyer.de\/wp-content\/uploads\/2017\/12\/Musik3-Griechische-Sagen-Planetarium-22.mp3?_=3\" \/><a href=\"http:\/\/blog.bernd-wefelmeyer.de\/wp-content\/uploads\/2017\/12\/Musik3-Griechische-Sagen-Planetarium-22.mp3\">http:\/\/blog.bernd-wefelmeyer.de\/wp-content\/uploads\/2017\/12\/Musik3-Griechische-Sagen-Planetarium-22.mp3<\/a><\/audio>\n","protected":false},"excerpt":{"rendered":"<p>Oktober 2017 &#8222;Phantastisches Weltall&#8220; &#8211; Musik f\u00fcr das neue Programm des Gro\u00dfplanetariums Berlin. Premiere am 11. Oktober 2017 Prolog Sonne &#8222;Phantastisches Weltall&#8220; Griechische G\u00f6ttersagen &#8222;Phantastisches Weltall&#8220;<\/p>\n","protected":false},"author":1,"featured_media":0,"comment_status":"open","ping_status":"open","sticky":false,"template":"","format":"standard","meta":{"footnotes":""},"categories":[4],"tags":[],"class_list":["post-25","post","type-post","status-publish","format-standard","hentry","category-aktuelles"],"yoast_head":"<!-- This site is optimized with the Yoast SEO plugin v26.6 - https:\/\/yoast.com\/wordpress\/plugins\/seo\/ -->\n<title>Musik f\u00fcr Planeten - Bernd Wefelmeyer<\/title>\n<meta name=\"robots\" content=\"index, follow, max-snippet:-1, max-image-preview:large, max-video-preview:-1\" \/>\n<link rel=\"canonical\" href=\"http:\/\/blog.bernd-wefelmeyer.de\/?p=25\" \/>\n<meta property=\"og:locale\" content=\"de_DE\" \/>\n<meta property=\"og:type\" content=\"article\" \/>\n<meta property=\"og:title\" content=\"Musik f\u00fcr Planeten - Bernd Wefelmeyer\" \/>\n<meta property=\"og:description\" content=\"Oktober 2017 &#8222;Phantastisches Weltall&#8220; &#8211; Musik f\u00fcr das neue Programm des Gro\u00dfplanetariums Berlin. Premiere am 11. Oktober 2017 Prolog Sonne &#8222;Phantastisches Weltall&#8220; Griechische G\u00f6ttersagen &#8222;Phantastisches Weltall&#8220;\" \/>\n<meta property=\"og:url\" content=\"http:\/\/blog.bernd-wefelmeyer.de\/?p=25\" \/>\n<meta property=\"og:site_name\" content=\"Bernd Wefelmeyer\" \/>\n<meta property=\"article:published_time\" content=\"2017-10-27T16:21:45+00:00\" \/>\n<meta property=\"article:modified_time\" content=\"2018-01-02T17:05:09+00:00\" \/>\n<meta name=\"author\" content=\"Wefelmeyer\" \/>\n<meta name=\"twitter:card\" content=\"summary_large_image\" \/>\n<meta name=\"twitter:label1\" content=\"Verfasst von\" \/>\n\t<meta name=\"twitter:data1\" content=\"Wefelmeyer\" \/>\n<script type=\"application\/ld+json\" class=\"yoast-schema-graph\">{\"@context\":\"https:\/\/schema.org\",\"@graph\":[{\"@type\":\"WebPage\",\"@id\":\"http:\/\/blog.bernd-wefelmeyer.de\/?p=25\",\"url\":\"http:\/\/blog.bernd-wefelmeyer.de\/?p=25\",\"name\":\"Musik f\u00fcr Planeten - Bernd Wefelmeyer\",\"isPartOf\":{\"@id\":\"http:\/\/blog.bernd-wefelmeyer.de\/#website\"},\"datePublished\":\"2017-10-27T16:21:45+00:00\",\"dateModified\":\"2018-01-02T17:05:09+00:00\",\"author\":{\"@id\":\"http:\/\/blog.bernd-wefelmeyer.de\/#\/schema\/person\/f18a70ae6d78394f3812e8b779fea953\"},\"breadcrumb\":{\"@id\":\"http:\/\/blog.bernd-wefelmeyer.de\/?p=25#breadcrumb\"},\"inLanguage\":\"de\",\"potentialAction\":[{\"@type\":\"ReadAction\",\"target\":[\"http:\/\/blog.bernd-wefelmeyer.de\/?p=25\"]}]},{\"@type\":\"BreadcrumbList\",\"@id\":\"http:\/\/blog.bernd-wefelmeyer.de\/?p=25#breadcrumb\",\"itemListElement\":[{\"@type\":\"ListItem\",\"position\":1,\"name\":\"Startseite\",\"item\":\"http:\/\/blog.bernd-wefelmeyer.de\/\"},{\"@type\":\"ListItem\",\"position\":2,\"name\":\"Musik f\u00fcr Planeten\"}]},{\"@type\":\"WebSite\",\"@id\":\"http:\/\/blog.bernd-wefelmeyer.de\/#website\",\"url\":\"http:\/\/blog.bernd-wefelmeyer.de\/\",\"name\":\"Bernd Wefelmeyer\",\"description\":\"Komponist - Arrangeur - Dirigent\",\"potentialAction\":[{\"@type\":\"SearchAction\",\"target\":{\"@type\":\"EntryPoint\",\"urlTemplate\":\"http:\/\/blog.bernd-wefelmeyer.de\/?s={search_term_string}\"},\"query-input\":{\"@type\":\"PropertyValueSpecification\",\"valueRequired\":true,\"valueName\":\"search_term_string\"}}],\"inLanguage\":\"de\"},{\"@type\":\"Person\",\"@id\":\"http:\/\/blog.bernd-wefelmeyer.de\/#\/schema\/person\/f18a70ae6d78394f3812e8b779fea953\",\"name\":\"Wefelmeyer\",\"image\":{\"@type\":\"ImageObject\",\"inLanguage\":\"de\",\"@id\":\"http:\/\/blog.bernd-wefelmeyer.de\/#\/schema\/person\/image\/\",\"url\":\"https:\/\/secure.gravatar.com\/avatar\/49b5b0b386013572d29d9992cd3e6137a34e7e461e1d384153a657c3537df71e?s=96&d=mm&r=g\",\"contentUrl\":\"https:\/\/secure.gravatar.com\/avatar\/49b5b0b386013572d29d9992cd3e6137a34e7e461e1d384153a657c3537df71e?s=96&d=mm&r=g\",\"caption\":\"Wefelmeyer\"}}]}<\/script>\n<!-- \/ Yoast SEO plugin. -->","yoast_head_json":{"title":"Musik f\u00fcr Planeten - Bernd Wefelmeyer","robots":{"index":"index","follow":"follow","max-snippet":"max-snippet:-1","max-image-preview":"max-image-preview:large","max-video-preview":"max-video-preview:-1"},"canonical":"http:\/\/blog.bernd-wefelmeyer.de\/?p=25","og_locale":"de_DE","og_type":"article","og_title":"Musik f\u00fcr Planeten - Bernd Wefelmeyer","og_description":"Oktober 2017 &#8222;Phantastisches Weltall&#8220; &#8211; Musik f\u00fcr das neue Programm des Gro\u00dfplanetariums Berlin. Premiere am 11. Oktober 2017 Prolog Sonne &#8222;Phantastisches Weltall&#8220; Griechische G\u00f6ttersagen &#8222;Phantastisches Weltall&#8220;","og_url":"http:\/\/blog.bernd-wefelmeyer.de\/?p=25","og_site_name":"Bernd Wefelmeyer","article_published_time":"2017-10-27T16:21:45+00:00","article_modified_time":"2018-01-02T17:05:09+00:00","author":"Wefelmeyer","twitter_card":"summary_large_image","twitter_misc":{"Verfasst von":"Wefelmeyer"},"schema":{"@context":"https:\/\/schema.org","@graph":[{"@type":"WebPage","@id":"http:\/\/blog.bernd-wefelmeyer.de\/?p=25","url":"http:\/\/blog.bernd-wefelmeyer.de\/?p=25","name":"Musik f\u00fcr Planeten - Bernd Wefelmeyer","isPartOf":{"@id":"http:\/\/blog.bernd-wefelmeyer.de\/#website"},"datePublished":"2017-10-27T16:21:45+00:00","dateModified":"2018-01-02T17:05:09+00:00","author":{"@id":"http:\/\/blog.bernd-wefelmeyer.de\/#\/schema\/person\/f18a70ae6d78394f3812e8b779fea953"},"breadcrumb":{"@id":"http:\/\/blog.bernd-wefelmeyer.de\/?p=25#breadcrumb"},"inLanguage":"de","potentialAction":[{"@type":"ReadAction","target":["http:\/\/blog.bernd-wefelmeyer.de\/?p=25"]}]},{"@type":"BreadcrumbList","@id":"http:\/\/blog.bernd-wefelmeyer.de\/?p=25#breadcrumb","itemListElement":[{"@type":"ListItem","position":1,"name":"Startseite","item":"http:\/\/blog.bernd-wefelmeyer.de\/"},{"@type":"ListItem","position":2,"name":"Musik f\u00fcr Planeten"}]},{"@type":"WebSite","@id":"http:\/\/blog.bernd-wefelmeyer.de\/#website","url":"http:\/\/blog.bernd-wefelmeyer.de\/","name":"Bernd Wefelmeyer","description":"Komponist - Arrangeur - Dirigent","potentialAction":[{"@type":"SearchAction","target":{"@type":"EntryPoint","urlTemplate":"http:\/\/blog.bernd-wefelmeyer.de\/?s={search_term_string}"},"query-input":{"@type":"PropertyValueSpecification","valueRequired":true,"valueName":"search_term_string"}}],"inLanguage":"de"},{"@type":"Person","@id":"http:\/\/blog.bernd-wefelmeyer.de\/#\/schema\/person\/f18a70ae6d78394f3812e8b779fea953","name":"Wefelmeyer","image":{"@type":"ImageObject","inLanguage":"de","@id":"http:\/\/blog.bernd-wefelmeyer.de\/#\/schema\/person\/image\/","url":"https:\/\/secure.gravatar.com\/avatar\/49b5b0b386013572d29d9992cd3e6137a34e7e461e1d384153a657c3537df71e?s=96&d=mm&r=g","contentUrl":"https:\/\/secure.gravatar.com\/avatar\/49b5b0b386013572d29d9992cd3e6137a34e7e461e1d384153a657c3537df71e?s=96&d=mm&r=g","caption":"Wefelmeyer"}}]}},"_links":{"self":[{"href":"http:\/\/blog.bernd-wefelmeyer.de\/index.php?rest_route=\/wp\/v2\/posts\/25","targetHints":{"allow":["GET"]}}],"collection":[{"href":"http:\/\/blog.bernd-wefelmeyer.de\/index.php?rest_route=\/wp\/v2\/posts"}],"about":[{"href":"http:\/\/blog.bernd-wefelmeyer.de\/index.php?rest_route=\/wp\/v2\/types\/post"}],"author":[{"embeddable":true,"href":"http:\/\/blog.bernd-wefelmeyer.de\/index.php?rest_route=\/wp\/v2\/users\/1"}],"replies":[{"embeddable":true,"href":"http:\/\/blog.bernd-wefelmeyer.de\/index.php?rest_route=%2Fwp%2Fv2%2Fcomments&post=25"}],"version-history":[{"count":10,"href":"http:\/\/blog.bernd-wefelmeyer.de\/index.php?rest_route=\/wp\/v2\/posts\/25\/revisions"}],"predecessor-version":[{"id":249,"href":"http:\/\/blog.bernd-wefelmeyer.de\/index.php?rest_route=\/wp\/v2\/posts\/25\/revisions\/249"}],"wp:attachment":[{"href":"http:\/\/blog.bernd-wefelmeyer.de\/index.php?rest_route=%2Fwp%2Fv2%2Fmedia&parent=25"}],"wp:term":[{"taxonomy":"category","embeddable":true,"href":"http:\/\/blog.bernd-wefelmeyer.de\/index.php?rest_route=%2Fwp%2Fv2%2Fcategories&post=25"},{"taxonomy":"post_tag","embeddable":true,"href":"http:\/\/blog.bernd-wefelmeyer.de\/index.php?rest_route=%2Fwp%2Fv2%2Ftags&post=25"}],"curies":[{"name":"wp","href":"https:\/\/api.w.org\/{rel}","templated":true}]}}